{"id":5125,"date":"2019-11-12T18:30:57","date_gmt":"2019-11-12T17:30:57","guid":{"rendered":"https:\/\/bearly-n.com\/?p=5125"},"modified":"2021-10-26T18:26:54","modified_gmt":"2021-10-26T16:26:54","slug":"prix-departemental-des-metiers-dart-renaissances","status":"publish","type":"post","link":"https:\/\/bearly-n.com\/en\/prix-departemental-des-metiers-dart-renaissances\/","title":{"rendered":"Prix D\u00e9partemental des M\u00e9tiers d&rsquo;Art, RenaissanceS"},"content":{"rendered":"<h2>Le th\u00e8me du Prix D\u00e9partemental des M\u00e9tiers d&rsquo;Art<\/h2>\n<p>Cette ann\u00e9e encore, je participe au <a href=\"https:\/\/www.institut-metiersdart.org\/agenda\/appel-a-candidatures-renaissances-prix-metiers-art-centre-val-de-loire\">Concours D\u00e9partemental des M\u00e9tiers d&rsquo;Art<\/a>, organis\u00e9 par le r\u00e9seau r\u00e9gional des Chambres de M\u00e9tiers et de l\u2019Artisanat et le Conseil R\u00e9gional Centre-Val de Loire . Ce concours est ouvert \u00e0 tous les professionnels des M\u00e9tiers d&rsquo;Art, cr\u00e9ateurs comme restaurateurs. Le th\u00e8me retenu \u00e9tait RenaissanceS, en \u00e9cho\u00e0 la c\u00e9l\u00e9bration des 500 ans de RenaissanceS en r\u00e9gion Centre-Val de Loire, 5\u00e8me centenaire de la mort de L\u00e9onard de Vinci au Clos-Luc\u00e9 et de la mise en travaux du Ch\u00e2teau de Chambord.<\/p>\n<div style=\"width: 640px;\" class=\"wp-video\"><video class=\"wp-video-shortcode\" id=\"video-5125-1\" width=\"640\" height=\"360\" preload=\"metadata\" controls=\"controls\"><source type=\"video\/mp4\" src=\"https:\/\/bearly-n.com\/wp-content\/uploads\/2019\/10\/Nutrisco-Extinguo.mp4?_=1\" \/><a href=\"https:\/\/bearly-n.com\/wp-content\/uploads\/2019\/10\/Nutrisco-Extinguo.mp4\">https:\/\/bearly-n.com\/wp-content\/uploads\/2019\/10\/Nutrisco-Extinguo.mp4<\/a><\/video><\/div>\n\n\n<h2>D\u00e9marche Artistique et R\u00e9alisation de la minaudi\u00e8re \u00ab\u00a0Nutrisco &amp; Extinguo\u00a0\u00bb<\/h2>\n<p>Pour ce concours, j\u2019ai eu envie de sortir de ma zone de confort et de r\u00e9aliser une minaudi\u00e8re<\/p>\n<ul>\n<li><b>\u00ab&nbsp;<\/b><b>Nutrisco<\/b><b> &amp; <\/b><b>Extinguo<\/b><b>\u00bb , <\/b>est la devise de Fran\u00e7ois Ier, en lien avec l\u2019embl\u00e8me de la salamandre couronn\u00e9e. Nous retrouvons cet embl\u00e8me dans de nombreux d\u00e9cors, en particulier au Ch\u00e2teau de Chambord, dont nous c\u00e9l\u00e9brons les 500 ans cette ann\u00e9e . Utiliser la salamandre couronn\u00e9e me semblait particuli\u00e8rement int\u00e9ressant pour r\u00e9pondre au th\u00e8me <b>\u00ab RenaissanceS \u00bb<\/b><\/li>\n<li><b>\u00ab&nbsp;<\/b><b>Nutrisco<\/b><b> &amp; <\/b><b>Extingo<\/b><b>\u00bb <\/b>se traduit par \u00ab&nbsp;Je nourris, et j\u2019\u00e9teins&nbsp;\u00bb, sous entendu de nourrir le bon feu et \u00e9teindre le mauvais. Cela a guid\u00e9 le choix des couleurs; l\u2019orange pour le feu, le bleu pour l\u2019eau. La transition eau-feu est encore renforc\u00e9e par l\u2019utilisation de pigments polychromes dans les cabochons, qui oscillent donc de l\u2019orange au bleu-pourpr\u00e9.<\/li>\n<li><img data-recalc-dims=\"1\" fetchpriority=\"high\" decoding=\"async\" data-attachment-id=\"6034\" data-permalink=\"https:\/\/bearly-n.com\/en\/prix-departemental-des-metiers-dart-renaissances\/detail-broderie-minaudiere_bearlyn\/\" data-orig-file=\"https:\/\/i0.wp.com\/bearly-n.com\/wp-content\/uploads\/2019\/11\/D%C3%A9tail-broderie-minaudi%C3%A8re_BearlyN.jpg?fit=1350%2C1800&amp;ssl=1\" data-orig-size=\"1350,1800\" data-comments-opened=\"1\" data-image-meta=\"{&quot;aperture&quot;:&quot;0&quot;,&quot;credit&quot;:&quot;&quot;,&quot;camera&quot;:&quot;&quot;,&quot;caption&quot;:&quot;&quot;,&quot;created_timestamp&quot;:&quot;0&quot;,&quot;copyright&quot;:&quot;&quot;,&quot;focal_length&quot;:&quot;0&quot;,&quot;iso&quot;:&quot;0&quot;,&quot;shutter_speed&quot;:&quot;0&quot;,&quot;title&quot;:&quot;&quot;,&quot;orientation&quot;:&quot;0&quot;}\" data-image-title=\"D\u00e9tail broderie minaudi\u00e8re_BearlyN\" data-image-description=\"\" data-image-caption=\"\" data-medium-file=\"https:\/\/i0.wp.com\/bearly-n.com\/wp-content\/uploads\/2019\/11\/D%C3%A9tail-broderie-minaudi%C3%A8re_BearlyN.jpg?fit=225%2C300&amp;ssl=1\" data-large-file=\"https:\/\/i0.wp.com\/bearly-n.com\/wp-content\/uploads\/2019\/11\/D%C3%A9tail-broderie-minaudi%C3%A8re_BearlyN.jpg?fit=768%2C1024&amp;ssl=1\" class=\"aligncenter wp-image-6034 size-large\" src=\"https:\/\/i0.wp.com\/bearly-n.com\/wp-content\/uploads\/2019\/11\/D%C3%A9tail-broderie-minaudi%C3%A8re_BearlyN.jpg?resize=768%2C1024&#038;ssl=1\" alt=\"D\u00e9tail broderie minaudi\u00e8re_BearlyN\" width=\"768\" height=\"1024\" srcset=\"https:\/\/i0.wp.com\/bearly-n.com\/wp-content\/uploads\/2019\/11\/D%C3%A9tail-broderie-minaudi%C3%A8re_BearlyN.jpg?resize=768%2C1024&amp;ssl=1 768w, https:\/\/i0.wp.com\/bearly-n.com\/wp-content\/uploads\/2019\/11\/D%C3%A9tail-broderie-minaudi%C3%A8re_BearlyN.jpg?resize=300%2C400&amp;ssl=1 300w, https:\/\/i0.wp.com\/bearly-n.com\/wp-content\/uploads\/2019\/11\/D%C3%A9tail-broderie-minaudi%C3%A8re_BearlyN.jpg?resize=600%2C800&amp;ssl=1 600w, https:\/\/i0.wp.com\/bearly-n.com\/wp-content\/uploads\/2019\/11\/D%C3%A9tail-broderie-minaudi%C3%A8re_BearlyN.jpg?resize=225%2C300&amp;ssl=1 225w, https:\/\/i0.wp.com\/bearly-n.com\/wp-content\/uploads\/2019\/11\/D%C3%A9tail-broderie-minaudi%C3%A8re_BearlyN.jpg?resize=1170%2C1560&amp;ssl=1 1170w, https:\/\/i0.wp.com\/bearly-n.com\/wp-content\/uploads\/2019\/11\/D%C3%A9tail-broderie-minaudi%C3%A8re_BearlyN.jpg?w=1350&amp;ssl=1 1350w\" sizes=\"(max-width: 768px) 100vw, 768px\" \/><\/li>\n<li>La broderie a n\u00e9cessit\u00e9 150 heures de travail; cabochons de cornaline, de verre teint\u00e9, perles de verres, cristaux de Swarovski, &#8230;<\/li>\n<li>Pour le corps du sac, j&rsquo;ai opt\u00e9 pour de tr\u00e8s belles mati\u00e8res; un veau Togo bleu marine, une chute de production d&rsquo;une grande maison. Afin de supporter le rabat, tout le corps du sac a \u00e9t\u00e9 renforc\u00e9 et doubl\u00e9 de ch\u00e8vre velours orange sanguine.<\/li>\n<li>Toutes les \u00e9tapes ont \u00e9t\u00e9 r\u00e9alis\u00e9es \u00e0 la main: parage du cuir, couture au point de sellier, finition des tranches (par teinte ou par broderie de perles).<\/li>\n<\/ul>\n<h2>R\u00e9sultats du Prix D\u00e9partemental des M\u00e9tiers d&rsquo;Art, sur le th\u00e8me Renaissances<\/h2>\n<p>Cette pi\u00e8ce m&rsquo;a valu de remporter la deuxi\u00e8me place, vous pourrez d\u00e9couvrir ma cr\u00e9ation lors du 32\u00e8me Salon des M\u00e9tiers d&rsquo;Art de Blois, sur le stand d\u00e9di\u00e9 au Prix D\u00e9partemental des M\u00e9tiers d&rsquo;Art.&nbsp;<\/p>\n<p><a href=\"https:\/\/i0.wp.com\/bearly-n.com\/wp-content\/uploads\/2019\/11\/minaudi%C3%A8re-Nutrisco-Extinguo-Prix-D%C3%A9partemental-des-M%C3%A9tiers-dArt-1.jpg?ssl=1\"><img data-recalc-dims=\"1\" decoding=\"async\" data-attachment-id=\"6036\" data-permalink=\"https:\/\/bearly-n.com\/en\/prix-departemental-des-metiers-dart-renaissances\/minaudiere-nutrisco-extinguo-prix-departemental-des-metiers-dart-2\/\" data-orig-file=\"https:\/\/i0.wp.com\/bearly-n.com\/wp-content\/uploads\/2019\/11\/minaudi%C3%A8re-Nutrisco-Extinguo-Prix-D%C3%A9partemental-des-M%C3%A9tiers-dArt-1.jpg?fit=1350%2C1800&amp;ssl=1\" data-orig-size=\"1350,1800\" data-comments-opened=\"1\" data-image-meta=\"{&quot;aperture&quot;:&quot;0&quot;,&quot;credit&quot;:&quot;&quot;,&quot;camera&quot;:&quot;&quot;,&quot;caption&quot;:&quot;&quot;,&quot;created_timestamp&quot;:&quot;0&quot;,&quot;copyright&quot;:&quot;&quot;,&quot;focal_length&quot;:&quot;0&quot;,&quot;iso&quot;:&quot;0&quot;,&quot;shutter_speed&quot;:&quot;0&quot;,&quot;title&quot;:&quot;&quot;,&quot;orientation&quot;:&quot;0&quot;}\" data-image-title=\"minaudi\u00e8re Nutrisco Extinguo Prix D\u00e9partemental des M\u00e9tiers d&amp;rsquo;Art\" data-image-description=\"\" data-image-caption=\"\" data-medium-file=\"https:\/\/i0.wp.com\/bearly-n.com\/wp-content\/uploads\/2019\/11\/minaudi%C3%A8re-Nutrisco-Extinguo-Prix-D%C3%A9partemental-des-M%C3%A9tiers-dArt-1.jpg?fit=225%2C300&amp;ssl=1\" data-large-file=\"https:\/\/i0.wp.com\/bearly-n.com\/wp-content\/uploads\/2019\/11\/minaudi%C3%A8re-Nutrisco-Extinguo-Prix-D%C3%A9partemental-des-M%C3%A9tiers-dArt-1.jpg?fit=768%2C1024&amp;ssl=1\" class=\"aligncenter wp-image-6036 size-large\" title=\"minaudi\u00e8re Nutrisco Extinguo Prix D\u00e9partemental des M\u00e9tiers d'Art_BearlyN\" src=\"https:\/\/i0.wp.com\/bearly-n.com\/wp-content\/uploads\/2019\/11\/minaudi%C3%A8re-Nutrisco-Extinguo-Prix-D%C3%A9partemental-des-M%C3%A9tiers-dArt-1.jpg?resize=768%2C1024&#038;ssl=1\" alt=\"minaudi\u00e8re Nutrisco Extinguo Prix D\u00e9partemental des M\u00e9tiers d'Art_BearlyN\" width=\"768\" height=\"1024\" srcset=\"https:\/\/i0.wp.com\/bearly-n.com\/wp-content\/uploads\/2019\/11\/minaudi%C3%A8re-Nutrisco-Extinguo-Prix-D%C3%A9partemental-des-M%C3%A9tiers-dArt-1.jpg?resize=768%2C1024&amp;ssl=1 768w, https:\/\/i0.wp.com\/bearly-n.com\/wp-content\/uploads\/2019\/11\/minaudi%C3%A8re-Nutrisco-Extinguo-Prix-D%C3%A9partemental-des-M%C3%A9tiers-dArt-1.jpg?resize=300%2C400&amp;ssl=1 300w, https:\/\/i0.wp.com\/bearly-n.com\/wp-content\/uploads\/2019\/11\/minaudi%C3%A8re-Nutrisco-Extinguo-Prix-D%C3%A9partemental-des-M%C3%A9tiers-dArt-1.jpg?resize=600%2C800&amp;ssl=1 600w, https:\/\/i0.wp.com\/bearly-n.com\/wp-content\/uploads\/2019\/11\/minaudi%C3%A8re-Nutrisco-Extinguo-Prix-D%C3%A9partemental-des-M%C3%A9tiers-dArt-1.jpg?resize=225%2C300&amp;ssl=1 225w, https:\/\/i0.wp.com\/bearly-n.com\/wp-content\/uploads\/2019\/11\/minaudi%C3%A8re-Nutrisco-Extinguo-Prix-D%C3%A9partemental-des-M%C3%A9tiers-dArt-1.jpg?resize=1170%2C1560&amp;ssl=1 1170w, https:\/\/i0.wp.com\/bearly-n.com\/wp-content\/uploads\/2019\/11\/minaudi%C3%A8re-Nutrisco-Extinguo-Prix-D%C3%A9partemental-des-M%C3%A9tiers-dArt-1.jpg?w=1350&amp;ssl=1 1350w\" sizes=\"(max-width: 768px) 100vw, 768px\" \/><\/a><\/p>","protected":false},"excerpt":{"rendered":"<p>Le th\u00e8me du Prix D\u00e9partemental des M\u00e9tiers d&rsquo;Art Cette ann\u00e9e encore, je participe au Concours D\u00e9partemental des M\u00e9tiers d&rsquo;Art, organis\u00e9&#8230;<\/p>","protected":false},"author":1,"featured_media":6033,"comment_status":"open","ping_status":"open","sticky":false,"template":"","format":"standard","meta":{"_price":"","_stock":"","_tribe_ticket_header":"","_tribe_default_ticket_provider":"","_tribe_ticket_capacity":"0","_ticket_start_date":"","_ticket_end_date":"","_tribe_ticket_show_description":"","_tribe_ticket_show_not_going":false,"_tribe_ticket_use_global_stock":"","_tribe_ticket_global_stock_level":"","_global_stock_mode":"","_global_stock_cap":"","_tribe_rsvp_for_event":"","_tribe_ticket_going_count":"","_tribe_ticket_not_going_count":"","_tribe_tickets_list":"[]","_tribe_ticket_has_attendee_info_fields":false,"jetpack_post_was_ever_published":false,"_jetpack_newsletter_access":"","_jetpack_dont_email_post_to_subs":false,"_jetpack_newsletter_tier_id":0,"_jetpack_memberships_contains_paywalled_content":false,"_jetpack_memberships_contains_paid_content":false,"footnotes":"","jetpack_publicize_message":"J'ai particip\u00e9 au Prix D\u00e9partemental des M\u00e9tiers d'Art, RenaissanceS.\nVous pourrez d\u00e9couvrir ma cr\u00e9ation au Salon des M\u00e9tiers d'Art de Blois, \u00e0 la Halle aux Grains, du 6 au 8 d\u00e9cembre 2019","jetpack_publicize_feature_enabled":true,"jetpack_social_post_already_shared":true,"jetpack_social_options":{"image_generator_settings":{"template":"highway","default_image_id":0,"font":"","enabled":false},"version":2}},"categories":[142],"tags":[],"class_list":["post-5125","post","type-post","status-publish","format-standard","has-post-thumbnail","hentry","category-divers"],"yoast_head":"<!-- This site is optimized with the Yoast SEO plugin v26.2 - https:\/\/yoast.com\/wordpress\/plugins\/seo\/ -->\n<title>Prix D\u00e9partemental des M\u00e9tiers d&#039;Art, RenaissanceS - BearlyN<\/title>\n<meta name=\"robots\" content=\"index, follow, max-snippet:-1, max-image-preview:large, max-video-preview:-1\" \/>\n<link rel=\"canonical\" href=\"https:\/\/bearly-n.com\/en\/prix-departemental-des-metiers-dart-renaissances\/\" \/>\n<meta property=\"og:locale\" content=\"en_US\" \/>\n<meta property=\"og:type\" content=\"article\" \/>\n<meta property=\"og:title\" content=\"Prix D\u00e9partemental des M\u00e9tiers d&#039;Art, RenaissanceS - BearlyN\" \/>\n<meta property=\"og:description\" content=\"Le th\u00e8me du Prix D\u00e9partemental des M\u00e9tiers d&rsquo;Art Cette ann\u00e9e encore, je participe au Concours D\u00e9partemental des M\u00e9tiers d&rsquo;Art, organis\u00e9...\" \/>\n<meta property=\"og:url\" content=\"https:\/\/bearly-n.com\/en\/prix-departemental-des-metiers-dart-renaissances\/\" \/>\n<meta property=\"og:site_name\" content=\"BearlyN\" \/>\n<meta property=\"article:publisher\" content=\"https:\/\/www.facebook.com\/Bearly-N-881942331934180\/\" \/>\n<meta property=\"article:author\" content=\"https:\/\/www.facebook.com\/B.bearlyN\/\" \/>\n<meta property=\"article:published_time\" content=\"2019-11-12T17:30:57+00:00\" \/>\n<meta property=\"article:modified_time\" content=\"2021-10-26T16:26:54+00:00\" \/>\n<meta property=\"og:image\" content=\"https:\/\/i2.wp.com\/bearly-n.com\/wp-content\/uploads\/2019\/11\/banni\u00e8re-RenaissanceS.jpg?fit=318%2C159&ssl=1\" \/>\n\t<meta property=\"og:image:width\" content=\"318\" \/>\n\t<meta property=\"og:image:height\" content=\"159\" \/>\n\t<meta property=\"og:image:type\" content=\"image\/jpeg\" \/>\n<meta name=\"author\" content=\"BearlyN\" \/>\n<meta name=\"twitter:card\" content=\"summary_large_image\" \/>\n<meta name=\"twitter:creator\" content=\"@bearly_n\" \/>\n<meta name=\"twitter:label1\" content=\"Written by\" \/>\n\t<meta name=\"twitter:data1\" content=\"BearlyN\" \/>\n\t<meta name=\"twitter:label2\" content=\"Est. reading time\" \/>\n\t<meta name=\"twitter:data2\" content=\"2 minutes\" \/>\n<script type=\"application\/ld+json\" class=\"yoast-schema-graph\">{\"@context\":\"https:\/\/schema.org\",\"@graph\":[{\"@type\":\"Article\",\"@id\":\"https:\/\/bearly-n.com\/en\/prix-departemental-des-metiers-dart-renaissances\/#article\",\"isPartOf\":{\"@id\":\"https:\/\/bearly-n.com\/en\/prix-departemental-des-metiers-dart-renaissances\/\"},\"author\":{\"name\":\"BearlyN\",\"@id\":\"https:\/\/bearly-n.com\/#\/schema\/person\/0228da82ca198008f3bc41bb9d9983fb\"},\"headline\":\"Prix D\u00e9partemental des M\u00e9tiers d&rsquo;Art, RenaissanceS\",\"datePublished\":\"2019-11-12T17:30:57+00:00\",\"dateModified\":\"2021-10-26T16:26:54+00:00\",\"mainEntityOfPage\":{\"@id\":\"https:\/\/bearly-n.com\/en\/prix-departemental-des-metiers-dart-renaissances\/\"},\"wordCount\":458,\"commentCount\":0,\"publisher\":{\"@id\":\"https:\/\/bearly-n.com\/#organization\"},\"image\":{\"@id\":\"https:\/\/bearly-n.com\/en\/prix-departemental-des-metiers-dart-renaissances\/#primaryimage\"},\"thumbnailUrl\":\"https:\/\/i0.wp.com\/bearly-n.com\/wp-content\/uploads\/2019\/11\/banni%C3%A8re-RenaissanceS.jpg?fit=318%2C159&ssl=1\",\"articleSection\":[\"Divers\"],\"inLanguage\":\"en-US\",\"potentialAction\":[{\"@type\":\"CommentAction\",\"name\":\"Comment\",\"target\":[\"https:\/\/bearly-n.com\/en\/prix-departemental-des-metiers-dart-renaissances\/#respond\"]}]},{\"@type\":\"WebPage\",\"@id\":\"https:\/\/bearly-n.com\/en\/prix-departemental-des-metiers-dart-renaissances\/\",\"url\":\"https:\/\/bearly-n.com\/en\/prix-departemental-des-metiers-dart-renaissances\/\",\"name\":\"Prix D\u00e9partemental des M\u00e9tiers d'Art, RenaissanceS - BearlyN\",\"isPartOf\":{\"@id\":\"https:\/\/bearly-n.com\/#website\"},\"primaryImageOfPage\":{\"@id\":\"https:\/\/bearly-n.com\/en\/prix-departemental-des-metiers-dart-renaissances\/#primaryimage\"},\"image\":{\"@id\":\"https:\/\/bearly-n.com\/en\/prix-departemental-des-metiers-dart-renaissances\/#primaryimage\"},\"thumbnailUrl\":\"https:\/\/i0.wp.com\/bearly-n.com\/wp-content\/uploads\/2019\/11\/banni%C3%A8re-RenaissanceS.jpg?fit=318%2C159&ssl=1\",\"datePublished\":\"2019-11-12T17:30:57+00:00\",\"dateModified\":\"2021-10-26T16:26:54+00:00\",\"breadcrumb\":{\"@id\":\"https:\/\/bearly-n.com\/en\/prix-departemental-des-metiers-dart-renaissances\/#breadcrumb\"},\"inLanguage\":\"en-US\",\"potentialAction\":[{\"@type\":\"ReadAction\",\"target\":[\"https:\/\/bearly-n.com\/en\/prix-departemental-des-metiers-dart-renaissances\/\"]}]},{\"@type\":\"ImageObject\",\"inLanguage\":\"en-US\",\"@id\":\"https:\/\/bearly-n.com\/en\/prix-departemental-des-metiers-dart-renaissances\/#primaryimage\",\"url\":\"https:\/\/i0.wp.com\/bearly-n.com\/wp-content\/uploads\/2019\/11\/banni%C3%A8re-RenaissanceS.jpg?fit=318%2C159&ssl=1\",\"contentUrl\":\"https:\/\/i0.wp.com\/bearly-n.com\/wp-content\/uploads\/2019\/11\/banni%C3%A8re-RenaissanceS.jpg?fit=318%2C159&ssl=1\",\"width\":318,\"height\":159,\"caption\":\"Prix D\u00e9partemental des M\u00e9tiers d'Art-RenaissanceS\"},{\"@type\":\"BreadcrumbList\",\"@id\":\"https:\/\/bearly-n.com\/en\/prix-departemental-des-metiers-dart-renaissances\/#breadcrumb\",\"itemListElement\":[{\"@type\":\"ListItem\",\"position\":1,\"name\":\"Accueil\",\"item\":\"https:\/\/bearly-n.com\/\"},{\"@type\":\"ListItem\",\"position\":2,\"name\":\"L'Atelier\",\"item\":\"https:\/\/bearly-n.com\/en\/cat\/atelier\/\"},{\"@type\":\"ListItem\",\"position\":3,\"name\":\"Divers\",\"item\":\"https:\/\/bearly-n.com\/en\/cat\/atelier\/divers\/\"},{\"@type\":\"ListItem\",\"position\":4,\"name\":\"Prix D\u00e9partemental des M\u00e9tiers d&#8217;Art, RenaissanceS\"}]},{\"@type\":\"WebSite\",\"@id\":\"https:\/\/bearly-n.com\/#website\",\"url\":\"https:\/\/bearly-n.com\/\",\"name\":\"BearlyN, bijoux de caract\u00e8re\",\"description\":\"Bijoux de Caract\u00e8re\",\"publisher\":{\"@id\":\"https:\/\/bearly-n.com\/#organization\"},\"potentialAction\":[{\"@type\":\"SearchAction\",\"target\":{\"@type\":\"EntryPoint\",\"urlTemplate\":\"https:\/\/bearly-n.com\/?s={search_term_string}\"},\"query-input\":{\"@type\":\"PropertyValueSpecification\",\"valueRequired\":true,\"valueName\":\"search_term_string\"}}],\"inLanguage\":\"en-US\"},{\"@type\":\"Organization\",\"@id\":\"https:\/\/bearly-n.com\/#organization\",\"name\":\"BearlyN\",\"url\":\"https:\/\/bearly-n.com\/\",\"logo\":{\"@type\":\"ImageObject\",\"inLanguage\":\"en-US\",\"@id\":\"https:\/\/bearly-n.com\/#\/schema\/logo\/image\/\",\"url\":\"https:\/\/i1.wp.com\/bearly-n.com\/wp-content\/uploads\/2016\/12\/logo.jpg?fit=630%2C270&ssl=1\",\"contentUrl\":\"https:\/\/i1.wp.com\/bearly-n.com\/wp-content\/uploads\/2016\/12\/logo.jpg?fit=630%2C270&ssl=1\",\"width\":630,\"height\":270,\"caption\":\"BearlyN\"},\"image\":{\"@id\":\"https:\/\/bearly-n.com\/#\/schema\/logo\/image\/\"},\"sameAs\":[\"https:\/\/www.facebook.com\/Bearly-N-881942331934180\/\",\"http:\/\/bearlyn\",\"https:\/\/www.linkedin.com\/company\/bearly-n\/\",\"https:\/\/fr.pinterest.com\/Bearlynterest\/\"]},{\"@type\":\"Person\",\"@id\":\"https:\/\/bearly-n.com\/#\/schema\/person\/0228da82ca198008f3bc41bb9d9983fb\",\"name\":\"BearlyN\",\"image\":{\"@type\":\"ImageObject\",\"inLanguage\":\"en-US\",\"@id\":\"https:\/\/bearly-n.com\/#\/schema\/person\/image\/\",\"url\":\"https:\/\/secure.gravatar.com\/avatar\/67dba6e7019d5691b33e3c67c969906494a44d69e3c7b41e7bec330d7452d6a7?s=96&r=g\",\"contentUrl\":\"https:\/\/secure.gravatar.com\/avatar\/67dba6e7019d5691b33e3c67c969906494a44d69e3c7b41e7bec330d7452d6a7?s=96&r=g\",\"caption\":\"BearlyN\"},\"sameAs\":[\"https:\/\/bearly-n.com\/\",\"https:\/\/www.facebook.com\/B.bearlyN\/\",\"https:\/\/www.instagram.com\/bearly_n\/\",\"https:\/\/www.linkedin.com\/company\/BearlyN\",\"https:\/\/www.pinterest.fr\/Bearlynterest\/\",\"https:\/\/x.com\/bearly_n\"]}]}<\/script>\n<!-- \/ Yoast SEO plugin. -->","yoast_head_json":{"title":"Prix D\u00e9partemental des M\u00e9tiers d'Art, RenaissanceS - BearlyN","robots":{"index":"index","follow":"follow","max-snippet":"max-snippet:-1","max-image-preview":"max-image-preview:large","max-video-preview":"max-video-preview:-1"},"canonical":"https:\/\/bearly-n.com\/en\/prix-departemental-des-metiers-dart-renaissances\/","og_locale":"en_US","og_type":"article","og_title":"Prix D\u00e9partemental des M\u00e9tiers d'Art, RenaissanceS - BearlyN","og_description":"Le th\u00e8me du Prix D\u00e9partemental des M\u00e9tiers d&rsquo;Art Cette ann\u00e9e encore, je participe au Concours D\u00e9partemental des M\u00e9tiers d&rsquo;Art, organis\u00e9...","og_url":"https:\/\/bearly-n.com\/en\/prix-departemental-des-metiers-dart-renaissances\/","og_site_name":"BearlyN","article_publisher":"https:\/\/www.facebook.com\/Bearly-N-881942331934180\/","article_author":"https:\/\/www.facebook.com\/B.bearlyN\/","article_published_time":"2019-11-12T17:30:57+00:00","article_modified_time":"2021-10-26T16:26:54+00:00","og_image":[{"width":318,"height":159,"url":"https:\/\/i2.wp.com\/bearly-n.com\/wp-content\/uploads\/2019\/11\/banni\u00e8re-RenaissanceS.jpg?fit=318%2C159&ssl=1","type":"image\/jpeg"}],"author":"BearlyN","twitter_card":"summary_large_image","twitter_creator":"@bearly_n","twitter_misc":{"Written by":"BearlyN","Est. reading time":"2 minutes"},"schema":{"@context":"https:\/\/schema.org","@graph":[{"@type":"Article","@id":"https:\/\/bearly-n.com\/en\/prix-departemental-des-metiers-dart-renaissances\/#article","isPartOf":{"@id":"https:\/\/bearly-n.com\/en\/prix-departemental-des-metiers-dart-renaissances\/"},"author":{"name":"BearlyN","@id":"https:\/\/bearly-n.com\/#\/schema\/person\/0228da82ca198008f3bc41bb9d9983fb"},"headline":"Prix D\u00e9partemental des M\u00e9tiers d&rsquo;Art, RenaissanceS","datePublished":"2019-11-12T17:30:57+00:00","dateModified":"2021-10-26T16:26:54+00:00","mainEntityOfPage":{"@id":"https:\/\/bearly-n.com\/en\/prix-departemental-des-metiers-dart-renaissances\/"},"wordCount":458,"commentCount":0,"publisher":{"@id":"https:\/\/bearly-n.com\/#organization"},"image":{"@id":"https:\/\/bearly-n.com\/en\/prix-departemental-des-metiers-dart-renaissances\/#primaryimage"},"thumbnailUrl":"https:\/\/i0.wp.com\/bearly-n.com\/wp-content\/uploads\/2019\/11\/banni%C3%A8re-RenaissanceS.jpg?fit=318%2C159&ssl=1","articleSection":["Divers"],"inLanguage":"en-US","potentialAction":[{"@type":"CommentAction","name":"Comment","target":["https:\/\/bearly-n.com\/en\/prix-departemental-des-metiers-dart-renaissances\/#respond"]}]},{"@type":"WebPage","@id":"https:\/\/bearly-n.com\/en\/prix-departemental-des-metiers-dart-renaissances\/","url":"https:\/\/bearly-n.com\/en\/prix-departemental-des-metiers-dart-renaissances\/","name":"Prix D\u00e9partemental des M\u00e9tiers d'Art, RenaissanceS - BearlyN","isPartOf":{"@id":"https:\/\/bearly-n.com\/#website"},"primaryImageOfPage":{"@id":"https:\/\/bearly-n.com\/en\/prix-departemental-des-metiers-dart-renaissances\/#primaryimage"},"image":{"@id":"https:\/\/bearly-n.com\/en\/prix-departemental-des-metiers-dart-renaissances\/#primaryimage"},"thumbnailUrl":"https:\/\/i0.wp.com\/bearly-n.com\/wp-content\/uploads\/2019\/11\/banni%C3%A8re-RenaissanceS.jpg?fit=318%2C159&ssl=1","datePublished":"2019-11-12T17:30:57+00:00","dateModified":"2021-10-26T16:26:54+00:00","breadcrumb":{"@id":"https:\/\/bearly-n.com\/en\/prix-departemental-des-metiers-dart-renaissances\/#breadcrumb"},"inLanguage":"en-US","potentialAction":[{"@type":"ReadAction","target":["https:\/\/bearly-n.com\/en\/prix-departemental-des-metiers-dart-renaissances\/"]}]},{"@type":"ImageObject","inLanguage":"en-US","@id":"https:\/\/bearly-n.com\/en\/prix-departemental-des-metiers-dart-renaissances\/#primaryimage","url":"https:\/\/i0.wp.com\/bearly-n.com\/wp-content\/uploads\/2019\/11\/banni%C3%A8re-RenaissanceS.jpg?fit=318%2C159&ssl=1","contentUrl":"https:\/\/i0.wp.com\/bearly-n.com\/wp-content\/uploads\/2019\/11\/banni%C3%A8re-RenaissanceS.jpg?fit=318%2C159&ssl=1","width":318,"height":159,"caption":"Prix D\u00e9partemental des M\u00e9tiers d'Art-RenaissanceS"},{"@type":"BreadcrumbList","@id":"https:\/\/bearly-n.com\/en\/prix-departemental-des-metiers-dart-renaissances\/#breadcrumb","itemListElement":[{"@type":"ListItem","position":1,"name":"Accueil","item":"https:\/\/bearly-n.com\/"},{"@type":"ListItem","position":2,"name":"L'Atelier","item":"https:\/\/bearly-n.com\/en\/cat\/atelier\/"},{"@type":"ListItem","position":3,"name":"Divers","item":"https:\/\/bearly-n.com\/en\/cat\/atelier\/divers\/"},{"@type":"ListItem","position":4,"name":"Prix D\u00e9partemental des M\u00e9tiers d&#8217;Art, RenaissanceS"}]},{"@type":"WebSite","@id":"https:\/\/bearly-n.com\/#website","url":"https:\/\/bearly-n.com\/","name":"BearlyN, bijoux de caract\u00e8re","description":"Bijoux de Caract\u00e8re","publisher":{"@id":"https:\/\/bearly-n.com\/#organization"},"potentialAction":[{"@type":"SearchAction","target":{"@type":"EntryPoint","urlTemplate":"https:\/\/bearly-n.com\/?s={search_term_string}"},"query-input":{"@type":"PropertyValueSpecification","valueRequired":true,"valueName":"search_term_string"}}],"inLanguage":"en-US"},{"@type":"Organization","@id":"https:\/\/bearly-n.com\/#organization","name":"BearlyN","url":"https:\/\/bearly-n.com\/","logo":{"@type":"ImageObject","inLanguage":"en-US","@id":"https:\/\/bearly-n.com\/#\/schema\/logo\/image\/","url":"https:\/\/i1.wp.com\/bearly-n.com\/wp-content\/uploads\/2016\/12\/logo.jpg?fit=630%2C270&ssl=1","contentUrl":"https:\/\/i1.wp.com\/bearly-n.com\/wp-content\/uploads\/2016\/12\/logo.jpg?fit=630%2C270&ssl=1","width":630,"height":270,"caption":"BearlyN"},"image":{"@id":"https:\/\/bearly-n.com\/#\/schema\/logo\/image\/"},"sameAs":["https:\/\/www.facebook.com\/Bearly-N-881942331934180\/","http:\/\/bearlyn","https:\/\/www.linkedin.com\/company\/bearly-n\/","https:\/\/fr.pinterest.com\/Bearlynterest\/"]},{"@type":"Person","@id":"https:\/\/bearly-n.com\/#\/schema\/person\/0228da82ca198008f3bc41bb9d9983fb","name":"BearlyN","image":{"@type":"ImageObject","inLanguage":"en-US","@id":"https:\/\/bearly-n.com\/#\/schema\/person\/image\/","url":"https:\/\/secure.gravatar.com\/avatar\/67dba6e7019d5691b33e3c67c969906494a44d69e3c7b41e7bec330d7452d6a7?s=96&r=g","contentUrl":"https:\/\/secure.gravatar.com\/avatar\/67dba6e7019d5691b33e3c67c969906494a44d69e3c7b41e7bec330d7452d6a7?s=96&r=g","caption":"BearlyN"},"sameAs":["https:\/\/bearly-n.com\/","https:\/\/www.facebook.com\/B.bearlyN\/","https:\/\/www.instagram.com\/bearly_n\/","https:\/\/www.linkedin.com\/company\/BearlyN","https:\/\/www.pinterest.fr\/Bearlynterest\/","https:\/\/x.com\/bearly_n"]}]}},"jetpack_publicize_connections":[],"jetpack_featured_media_url":"https:\/\/i0.wp.com\/bearly-n.com\/wp-content\/uploads\/2019\/11\/banni%C3%A8re-RenaissanceS.jpg?fit=318%2C159&ssl=1","jetpack_sharing_enabled":true,"jetpack_shortlink":"https:\/\/wp.me\/p8oIQX-1kF","jetpack_likes_enabled":true,"_links":{"self":[{"href":"https:\/\/bearly-n.com\/en\/wp-json\/wp\/v2\/posts\/5125","targetHints":{"allow":["GET"]}}],"collection":[{"href":"https:\/\/bearly-n.com\/en\/wp-json\/wp\/v2\/posts"}],"about":[{"href":"https:\/\/bearly-n.com\/en\/wp-json\/wp\/v2\/types\/post"}],"author":[{"embeddable":true,"href":"https:\/\/bearly-n.com\/en\/wp-json\/wp\/v2\/users\/1"}],"replies":[{"embeddable":true,"href":"https:\/\/bearly-n.com\/en\/wp-json\/wp\/v2\/comments?post=5125"}],"version-history":[{"count":8,"href":"https:\/\/bearly-n.com\/en\/wp-json\/wp\/v2\/posts\/5125\/revisions"}],"predecessor-version":[{"id":9099,"href":"https:\/\/bearly-n.com\/en\/wp-json\/wp\/v2\/posts\/5125\/revisions\/9099"}],"wp:featuredmedia":[{"embeddable":true,"href":"https:\/\/bearly-n.com\/en\/wp-json\/wp\/v2\/media\/6033"}],"wp:attachment":[{"href":"https:\/\/bearly-n.com\/en\/wp-json\/wp\/v2\/media?parent=5125"}],"wp:term":[{"taxonomy":"category","embeddable":true,"href":"https:\/\/bearly-n.com\/en\/wp-json\/wp\/v2\/categories?post=5125"},{"taxonomy":"post_tag","embeddable":true,"href":"https:\/\/bearly-n.com\/en\/wp-json\/wp\/v2\/tags?post=5125"}],"curies":[{"name":"wp","href":"https:\/\/api.w.org\/{rel}","templated":true}]}}