{"id":1448,"date":"2017-10-26T11:47:02","date_gmt":"2017-10-26T09:47:02","guid":{"rendered":"https:\/\/bearly-n.com\/?p=1448"},"modified":"2020-10-16T15:51:27","modified_gmt":"2020-10-16T13:51:27","slug":"salon-international-des-metiers-dart-lens","status":"publish","type":"post","link":"https:\/\/bearly-n.com\/en\/salon-international-des-metiers-dart-lens\/","title":{"rendered":"Salon International des M\u00e9tiers d&rsquo;Art-Lens"},"content":{"rendered":"<p>Ceux qui me suivent sur facebook le savent d\u00e9j\u00e0; j&rsquo;ai \u00e9t\u00e9 s\u00e9lectionn\u00e9e pour participer au Salon International des M\u00e9tiers d&rsquo;Art.<\/p>\n<p><img data-recalc-dims=\"1\" fetchpriority=\"high\" decoding=\"async\" data-attachment-id=\"1451\" data-permalink=\"https:\/\/bearly-n.com\/en\/salon-international-des-metiers-dart-lens\/banniere-imap-lens-2017\/\" data-orig-file=\"https:\/\/i0.wp.com\/bearly-n.com\/wp-content\/uploads\/2017\/10\/Banni%C3%A8re-IMAP-Lens-2017.jpg?fit=1024%2C379&amp;ssl=1\" data-orig-size=\"1024,379\" data-comments-opened=\"1\" data-image-meta=\"{&quot;aperture&quot;:&quot;0&quot;,&quot;credit&quot;:&quot;&quot;,&quot;camera&quot;:&quot;&quot;,&quot;caption&quot;:&quot;&quot;,&quot;created_timestamp&quot;:&quot;0&quot;,&quot;copyright&quot;:&quot;&quot;,&quot;focal_length&quot;:&quot;0&quot;,&quot;iso&quot;:&quot;0&quot;,&quot;shutter_speed&quot;:&quot;0&quot;,&quot;title&quot;:&quot;&quot;,&quot;orientation&quot;:&quot;0&quot;}\" data-image-title=\"Banni\u00e8re IMAP-Lens 2017\" data-image-description=\"\" data-image-caption=\"\" data-medium-file=\"https:\/\/i0.wp.com\/bearly-n.com\/wp-content\/uploads\/2017\/10\/Banni%C3%A8re-IMAP-Lens-2017.jpg?fit=300%2C111&amp;ssl=1\" data-large-file=\"https:\/\/i0.wp.com\/bearly-n.com\/wp-content\/uploads\/2017\/10\/Banni%C3%A8re-IMAP-Lens-2017.jpg?fit=1024%2C379&amp;ssl=1\" class=\"alignnone size-large wp-image-1451\" src=\"https:\/\/i0.wp.com\/bearly-n.com\/wp-content\/uploads\/2017\/10\/Banni%C3%A8re-IMAP-Lens-2017.jpg?resize=1024%2C379&#038;ssl=1\" alt=\"Banni\u00e8re IMAP, Salon International des M\u00e9tiers d'Art de Lens\" width=\"1024\" height=\"379\" srcset=\"https:\/\/i0.wp.com\/bearly-n.com\/wp-content\/uploads\/2017\/10\/Banni%C3%A8re-IMAP-Lens-2017.jpg?w=1024&amp;ssl=1 1024w, https:\/\/i0.wp.com\/bearly-n.com\/wp-content\/uploads\/2017\/10\/Banni%C3%A8re-IMAP-Lens-2017.jpg?resize=600%2C222&amp;ssl=1 600w, https:\/\/i0.wp.com\/bearly-n.com\/wp-content\/uploads\/2017\/10\/Banni%C3%A8re-IMAP-Lens-2017.jpg?resize=300%2C111&amp;ssl=1 300w, https:\/\/i0.wp.com\/bearly-n.com\/wp-content\/uploads\/2017\/10\/Banni%C3%A8re-IMAP-Lens-2017.jpg?resize=768%2C284&amp;ssl=1 768w, https:\/\/i0.wp.com\/bearly-n.com\/wp-content\/uploads\/2017\/10\/Banni%C3%A8re-IMAP-Lens-2017.jpg?resize=425%2C157&amp;ssl=1 425w\" sizes=\"(max-width: 1000px) 100vw, 1000px\" \/><\/p>\n<p>Ce salon est organis\u00e9 par l&rsquo;Institut des M\u00e9tiers d&rsquo;Art et du Patrimoine (IMAP). Pour participer, il faut passer les s\u00e9lections effectu\u00e9es par un comit\u00e9 pr\u00e9sid\u00e9 par le Mus\u00e9e du Louvre Lens. Autant dire que c&rsquo;est une grande fiert\u00e9 pour moi de pouvoir partager cet \u00e9venement!<\/p>\n<p>Ainsi, du 3 au 5 novembre 2017, vous pourrez d\u00e9couvrir les quelques 140 exposants (fran\u00e7ais et internationaux)\u00a0 r\u00e9unis au stade Bollaert-Delelis de Lens. N&rsquo;h\u00e9sitez pas \u00e0 partager un moment avec nous, que vous soyez professionnels, amateurs d&rsquo;art ou simplement curieux.<\/p>\n<p>A cette occasion, vous pourrez retrouver des professionnels qui excellent dans les m\u00e9tiers d&rsquo;art. C\u00e9ramistes, \u00e9b\u00e9nistes, sculpteurs, ferronniers, verriers, souffleurs de verre, et bien s\u00fbrs cr\u00e9ateurs de bijoux; une cinquantaine de sp\u00e9cialistes est repr\u00e9sent\u00e9e! L&rsquo;occasion d&rsquo;assister \u00e0 des d\u00e9monstrations de savoir-faire, de d\u00e9couvrir et pourquoi pas, d&rsquo;acqu\u00e9rir des pi\u00e8ces uniques.<\/p>\n<p><a href=\"https:\/\/bearly-n.com\/en\/apropos\/work-in-progress\/\"><img data-recalc-dims=\"1\" decoding=\"async\" data-attachment-id=\"754\" data-permalink=\"https:\/\/bearly-n.com\/en\/work-in-progress\/\" data-orig-file=\"https:\/\/i0.wp.com\/bearly-n.com\/wp-content\/uploads\/2017\/02\/work-in-progress.jpg?fit=1024%2C683&amp;ssl=1\" data-orig-size=\"1024,683\" data-comments-opened=\"1\" data-image-meta=\"{&quot;aperture&quot;:&quot;2.8&quot;,&quot;credit&quot;:&quot;&quot;,&quot;camera&quot;:&quot;NIKON D800&quot;,&quot;caption&quot;:&quot;&quot;,&quot;created_timestamp&quot;:&quot;1477580572&quot;,&quot;copyright&quot;:&quot;&quot;,&quot;focal_length&quot;:&quot;35&quot;,&quot;iso&quot;:&quot;200&quot;,&quot;shutter_speed&quot;:&quot;0.0125&quot;,&quot;title&quot;:&quot;&quot;,&quot;orientation&quot;:&quot;0&quot;}\" data-image-title=\"broderie, vue mains\" data-image-description=\"\" data-image-caption=\"\" data-medium-file=\"https:\/\/i0.wp.com\/bearly-n.com\/wp-content\/uploads\/2017\/02\/work-in-progress.jpg?fit=300%2C200&amp;ssl=1\" data-large-file=\"https:\/\/i0.wp.com\/bearly-n.com\/wp-content\/uploads\/2017\/02\/work-in-progress.jpg?fit=1024%2C683&amp;ssl=1\" class=\"wp-image-754 size-medium aligncenter\" src=\"https:\/\/i0.wp.com\/bearly-n.com\/wp-content\/uploads\/2017\/02\/work-in-progress.jpg?resize=300%2C200&#038;ssl=1\" alt=\"vue mains au travail de broderie\" width=\"300\" height=\"200\" srcset=\"https:\/\/i0.wp.com\/bearly-n.com\/wp-content\/uploads\/2017\/02\/work-in-progress.jpg?resize=300%2C200&amp;ssl=1 300w, https:\/\/i0.wp.com\/bearly-n.com\/wp-content\/uploads\/2017\/02\/work-in-progress.jpg?resize=600%2C400&amp;ssl=1 600w, https:\/\/i0.wp.com\/bearly-n.com\/wp-content\/uploads\/2017\/02\/work-in-progress.jpg?resize=768%2C512&amp;ssl=1 768w, https:\/\/i0.wp.com\/bearly-n.com\/wp-content\/uploads\/2017\/02\/work-in-progress.jpg?w=1024&amp;ssl=1 1024w, https:\/\/i0.wp.com\/bearly-n.com\/wp-content\/uploads\/2017\/02\/work-in-progress.jpg?resize=425%2C283&amp;ssl=1 425w\" sizes=\"(max-width: 300px) 100vw, 300px\" \/><\/a><\/p>\n<p>Je suis impatiente (et peu str\u00e9ss\u00e9e! &#8230;) de participer \u00e0 ce\u00a0\u00a0Salon International des M\u00e9tiers d&rsquo;Art.\u00a0\u00a0A une semaine du d\u00e9part, j&rsquo;en suis encore \u00e0 finir quelques pi\u00e8ces, \u00e0 fignoler les pr\u00e9sentations,&#8230; Mais je serai l\u00e0, avec quelques unes de mes collections: A Forest, Welcome to the Jungle, Once Upon a Time. Mon plastron en galuchat sera pr\u00e9sent lui aussi. Et en bonus, je vous pr\u00e9senterai la gamme de pochettes du soir d\u00e9velopp\u00e9e en collaboration avec Julie Troncin!<\/p>\n<p><img data-recalc-dims=\"1\" decoding=\"async\" data-attachment-id=\"1456\" data-permalink=\"https:\/\/bearly-n.com\/en\/salon-international-des-metiers-dart-lens\/sac\/\" data-orig-file=\"https:\/\/i0.wp.com\/bearly-n.com\/wp-content\/uploads\/2017\/10\/sac.jpg?fit=1024%2C768&amp;ssl=1\" data-orig-size=\"1024,768\" data-comments-opened=\"1\" data-image-meta=\"{&quot;aperture&quot;:&quot;0&quot;,&quot;credit&quot;:&quot;&quot;,&quot;camera&quot;:&quot;&quot;,&quot;caption&quot;:&quot;&quot;,&quot;created_timestamp&quot;:&quot;0&quot;,&quot;copyright&quot;:&quot;&quot;,&quot;focal_length&quot;:&quot;0&quot;,&quot;iso&quot;:&quot;0&quot;,&quot;shutter_speed&quot;:&quot;0&quot;,&quot;title&quot;:&quot;&quot;,&quot;orientation&quot;:&quot;0&quot;}\" data-image-title=\"sac collaboration BearlyN Julie Troncin\" data-image-description=\"\" data-image-caption=\"\" data-medium-file=\"https:\/\/i0.wp.com\/bearly-n.com\/wp-content\/uploads\/2017\/10\/sac.jpg?fit=300%2C225&amp;ssl=1\" data-large-file=\"https:\/\/i0.wp.com\/bearly-n.com\/wp-content\/uploads\/2017\/10\/sac.jpg?fit=1024%2C768&amp;ssl=1\" class=\"size-large wp-image-1456 aligncenter\" src=\"https:\/\/i0.wp.com\/bearly-n.com\/wp-content\/uploads\/2017\/10\/sac.jpg?resize=1024%2C768&#038;ssl=1\" alt=\"pochette collaboration BearlyN Julie Troncin\" width=\"1024\" height=\"768\" srcset=\"https:\/\/i0.wp.com\/bearly-n.com\/wp-content\/uploads\/2017\/10\/sac.jpg?w=1024&amp;ssl=1 1024w, https:\/\/i0.wp.com\/bearly-n.com\/wp-content\/uploads\/2017\/10\/sac.jpg?resize=600%2C450&amp;ssl=1 600w, https:\/\/i0.wp.com\/bearly-n.com\/wp-content\/uploads\/2017\/10\/sac.jpg?resize=300%2C225&amp;ssl=1 300w, https:\/\/i0.wp.com\/bearly-n.com\/wp-content\/uploads\/2017\/10\/sac.jpg?resize=768%2C576&amp;ssl=1 768w, https:\/\/i0.wp.com\/bearly-n.com\/wp-content\/uploads\/2017\/10\/sac.jpg?resize=425%2C319&amp;ssl=1 425w\" sizes=\"(max-width: 1000px) 100vw, 1000px\" \/><\/p>\n<p>Alors, les 3,4 et 5 novembre,<a href=\"https:\/\/sima.metiersdart-hdf.fr\/\" target=\"_blank\" rel=\"noopener noreferrer\"> tu viens \u00e0 Lens<\/a>?<\/p>","protected":false},"excerpt":{"rendered":"<p>Ceux qui me suivent sur facebook le savent d\u00e9j\u00e0; j&rsquo;ai \u00e9t\u00e9 s\u00e9lectionn\u00e9e pour participer au Salon International des M\u00e9tiers d&rsquo;Art&#8230;.<\/p>","protected":false},"author":1,"featured_media":1462,"comment_status":"open","ping_status":"open","sticky":false,"template":"","format":"standard","meta":{"_price":"","_stock":"","_tribe_ticket_header":"","_tribe_default_ticket_provider":"","_tribe_ticket_capacity":"0","_ticket_start_date":"","_ticket_end_date":"","_tribe_ticket_show_description":"","_tribe_ticket_show_not_going":false,"_tribe_ticket_use_global_stock":"","_tribe_ticket_global_stock_level":"","_global_stock_mode":"","_global_stock_cap":"","_tribe_rsvp_for_event":"","_tribe_ticket_going_count":"","_tribe_ticket_not_going_count":"","_tribe_tickets_list":"[]","_tribe_ticket_has_attendee_info_fields":false,"jetpack_post_was_ever_published":false,"_jetpack_newsletter_access":"","_jetpack_dont_email_post_to_subs":false,"_jetpack_newsletter_tier_id":0,"_jetpack_memberships_contains_paywalled_content":false,"_jetpack_memberships_contains_paid_content":false,"footnotes":"","jetpack_publicize_message":"","jetpack_publicize_feature_enabled":true,"jetpack_social_post_already_shared":true,"jetpack_social_options":{"image_generator_settings":{"template":"highway","default_image_id":0,"font":"","enabled":false},"version":2}},"categories":[117],"tags":[125,159,124],"class_list":["post-1448","post","type-post","status-publish","format-standard","has-post-thumbnail","hentry","category-salons-et-expositions","tag-exposition","tag-metiers-dart","tag-salon"],"yoast_head":"<!-- This site is optimized with the Yoast SEO plugin v26.2 - https:\/\/yoast.com\/wordpress\/plugins\/seo\/ -->\n<title>Salon International des M\u00e9tiers d&#039;Art-Lens - BearlyN<\/title>\n<meta name=\"description\" content=\"Venez d\u00e9couvrir le Salon International des M\u00e9tiers d&#039;Art de lens, les 3, 4 et 5 novembre 2017 et rencontrer la cr\u00e9atrice de bijoux brod\u00e9s BearlyN.\" \/>\n<meta name=\"robots\" content=\"index, follow, max-snippet:-1, max-image-preview:large, max-video-preview:-1\" \/>\n<link rel=\"canonical\" href=\"https:\/\/bearly-n.com\/en\/salon-international-des-metiers-dart-lens\/\" \/>\n<meta property=\"og:locale\" content=\"en_US\" \/>\n<meta property=\"og:type\" content=\"article\" \/>\n<meta property=\"og:title\" content=\"Salon International des M\u00e9tiers d&#039;Art-Lens - BearlyN\" \/>\n<meta property=\"og:description\" content=\"Venez d\u00e9couvrir le Salon International des M\u00e9tiers d&#039;Art de lens, les 3, 4 et 5 novembre 2017 et rencontrer la cr\u00e9atrice de bijoux brod\u00e9s BearlyN.\" \/>\n<meta property=\"og:url\" content=\"https:\/\/bearly-n.com\/en\/salon-international-des-metiers-dart-lens\/\" \/>\n<meta property=\"og:site_name\" content=\"BearlyN\" \/>\n<meta property=\"article:publisher\" content=\"https:\/\/www.facebook.com\/Bearly-N-881942331934180\/\" \/>\n<meta property=\"article:author\" content=\"https:\/\/www.facebook.com\/B.bearlyN\/\" \/>\n<meta property=\"article:published_time\" content=\"2017-10-26T09:47:02+00:00\" \/>\n<meta property=\"article:modified_time\" content=\"2020-10-16T13:51:27+00:00\" \/>\n<meta property=\"og:image\" content=\"https:\/\/i2.wp.com\/bearly-n.com\/wp-content\/uploads\/2017\/10\/Affiche-Salon-International-des-M\u00e9tiers-Dart-Lens.jpg?fit=226%2C275&ssl=1\" \/>\n\t<meta property=\"og:image:width\" content=\"226\" \/>\n\t<meta property=\"og:image:height\" content=\"275\" \/>\n\t<meta property=\"og:image:type\" content=\"image\/jpeg\" \/>\n<meta name=\"author\" content=\"BearlyN\" \/>\n<meta name=\"twitter:card\" content=\"summary_large_image\" \/>\n<meta name=\"twitter:creator\" content=\"@bearly_n\" \/>\n<meta name=\"twitter:label1\" content=\"Written by\" \/>\n\t<meta name=\"twitter:data1\" content=\"BearlyN\" \/>\n\t<meta name=\"twitter:label2\" content=\"Est. reading time\" \/>\n\t<meta name=\"twitter:data2\" content=\"1 minute\" \/>\n<script type=\"application\/ld+json\" class=\"yoast-schema-graph\">{\"@context\":\"https:\/\/schema.org\",\"@graph\":[{\"@type\":\"Article\",\"@id\":\"https:\/\/bearly-n.com\/en\/salon-international-des-metiers-dart-lens\/#article\",\"isPartOf\":{\"@id\":\"https:\/\/bearly-n.com\/en\/salon-international-des-metiers-dart-lens\/\"},\"author\":{\"name\":\"BearlyN\",\"@id\":\"https:\/\/bearly-n.com\/#\/schema\/person\/0228da82ca198008f3bc41bb9d9983fb\"},\"headline\":\"Salon International des M\u00e9tiers d&rsquo;Art-Lens\",\"datePublished\":\"2017-10-26T09:47:02+00:00\",\"dateModified\":\"2020-10-16T13:51:27+00:00\",\"mainEntityOfPage\":{\"@id\":\"https:\/\/bearly-n.com\/en\/salon-international-des-metiers-dart-lens\/\"},\"wordCount\":285,\"commentCount\":3,\"publisher\":{\"@id\":\"https:\/\/bearly-n.com\/#organization\"},\"image\":{\"@id\":\"https:\/\/bearly-n.com\/en\/salon-international-des-metiers-dart-lens\/#primaryimage\"},\"thumbnailUrl\":\"https:\/\/i0.wp.com\/bearly-n.com\/wp-content\/uploads\/2017\/10\/Affiche-Salon-International-des-M%C3%A9tiers-Dart-Lens.jpg?fit=226%2C275&ssl=1\",\"keywords\":[\"exposition\",\"m\u00e9tiers d'art\",\"salon\"],\"articleSection\":[\"Salons et Expositions\"],\"inLanguage\":\"en-US\",\"potentialAction\":[{\"@type\":\"CommentAction\",\"name\":\"Comment\",\"target\":[\"https:\/\/bearly-n.com\/en\/salon-international-des-metiers-dart-lens\/#respond\"]}]},{\"@type\":\"WebPage\",\"@id\":\"https:\/\/bearly-n.com\/en\/salon-international-des-metiers-dart-lens\/\",\"url\":\"https:\/\/bearly-n.com\/en\/salon-international-des-metiers-dart-lens\/\",\"name\":\"Salon International des M\u00e9tiers d'Art-Lens - BearlyN\",\"isPartOf\":{\"@id\":\"https:\/\/bearly-n.com\/#website\"},\"primaryImageOfPage\":{\"@id\":\"https:\/\/bearly-n.com\/en\/salon-international-des-metiers-dart-lens\/#primaryimage\"},\"image\":{\"@id\":\"https:\/\/bearly-n.com\/en\/salon-international-des-metiers-dart-lens\/#primaryimage\"},\"thumbnailUrl\":\"https:\/\/i0.wp.com\/bearly-n.com\/wp-content\/uploads\/2017\/10\/Affiche-Salon-International-des-M%C3%A9tiers-Dart-Lens.jpg?fit=226%2C275&ssl=1\",\"datePublished\":\"2017-10-26T09:47:02+00:00\",\"dateModified\":\"2020-10-16T13:51:27+00:00\",\"description\":\"Venez d\u00e9couvrir le Salon International des M\u00e9tiers d'Art de lens, les 3, 4 et 5 novembre 2017 et rencontrer la cr\u00e9atrice de bijoux brod\u00e9s BearlyN.\",\"breadcrumb\":{\"@id\":\"https:\/\/bearly-n.com\/en\/salon-international-des-metiers-dart-lens\/#breadcrumb\"},\"inLanguage\":\"en-US\",\"potentialAction\":[{\"@type\":\"ReadAction\",\"target\":[\"https:\/\/bearly-n.com\/en\/salon-international-des-metiers-dart-lens\/\"]}]},{\"@type\":\"ImageObject\",\"inLanguage\":\"en-US\",\"@id\":\"https:\/\/bearly-n.com\/en\/salon-international-des-metiers-dart-lens\/#primaryimage\",\"url\":\"https:\/\/i0.wp.com\/bearly-n.com\/wp-content\/uploads\/2017\/10\/Affiche-Salon-International-des-M%C3%A9tiers-Dart-Lens.jpg?fit=226%2C275&ssl=1\",\"contentUrl\":\"https:\/\/i0.wp.com\/bearly-n.com\/wp-content\/uploads\/2017\/10\/Affiche-Salon-International-des-M%C3%A9tiers-Dart-Lens.jpg?fit=226%2C275&ssl=1\",\"width\":226,\"height\":275,\"caption\":\"Affiche Salon International des M\u00e9tiers D'art-Lens\"},{\"@type\":\"BreadcrumbList\",\"@id\":\"https:\/\/bearly-n.com\/en\/salon-international-des-metiers-dart-lens\/#breadcrumb\",\"itemListElement\":[{\"@type\":\"ListItem\",\"position\":1,\"name\":\"Accueil\",\"item\":\"https:\/\/bearly-n.com\/\"},{\"@type\":\"ListItem\",\"position\":2,\"name\":\"Salons et Expositions\",\"item\":\"https:\/\/bearly-n.com\/en\/cat\/salons-et-expositions\/\"},{\"@type\":\"ListItem\",\"position\":3,\"name\":\"Salon International des M\u00e9tiers d&#8217;Art-Lens\"}]},{\"@type\":\"WebSite\",\"@id\":\"https:\/\/bearly-n.com\/#website\",\"url\":\"https:\/\/bearly-n.com\/\",\"name\":\"BearlyN, bijoux de caract\u00e8re\",\"description\":\"Bijoux de Caract\u00e8re\",\"publisher\":{\"@id\":\"https:\/\/bearly-n.com\/#organization\"},\"potentialAction\":[{\"@type\":\"SearchAction\",\"target\":{\"@type\":\"EntryPoint\",\"urlTemplate\":\"https:\/\/bearly-n.com\/?s={search_term_string}\"},\"query-input\":{\"@type\":\"PropertyValueSpecification\",\"valueRequired\":true,\"valueName\":\"search_term_string\"}}],\"inLanguage\":\"en-US\"},{\"@type\":\"Organization\",\"@id\":\"https:\/\/bearly-n.com\/#organization\",\"name\":\"BearlyN\",\"url\":\"https:\/\/bearly-n.com\/\",\"logo\":{\"@type\":\"ImageObject\",\"inLanguage\":\"en-US\",\"@id\":\"https:\/\/bearly-n.com\/#\/schema\/logo\/image\/\",\"url\":\"https:\/\/i1.wp.com\/bearly-n.com\/wp-content\/uploads\/2016\/12\/logo.jpg?fit=630%2C270&ssl=1\",\"contentUrl\":\"https:\/\/i1.wp.com\/bearly-n.com\/wp-content\/uploads\/2016\/12\/logo.jpg?fit=630%2C270&ssl=1\",\"width\":630,\"height\":270,\"caption\":\"BearlyN\"},\"image\":{\"@id\":\"https:\/\/bearly-n.com\/#\/schema\/logo\/image\/\"},\"sameAs\":[\"https:\/\/www.facebook.com\/Bearly-N-881942331934180\/\",\"http:\/\/bearlyn\",\"https:\/\/www.linkedin.com\/company\/bearly-n\/\",\"https:\/\/fr.pinterest.com\/Bearlynterest\/\"]},{\"@type\":\"Person\",\"@id\":\"https:\/\/bearly-n.com\/#\/schema\/person\/0228da82ca198008f3bc41bb9d9983fb\",\"name\":\"BearlyN\",\"image\":{\"@type\":\"ImageObject\",\"inLanguage\":\"en-US\",\"@id\":\"https:\/\/bearly-n.com\/#\/schema\/person\/image\/\",\"url\":\"https:\/\/secure.gravatar.com\/avatar\/67dba6e7019d5691b33e3c67c969906494a44d69e3c7b41e7bec330d7452d6a7?s=96&r=g\",\"contentUrl\":\"https:\/\/secure.gravatar.com\/avatar\/67dba6e7019d5691b33e3c67c969906494a44d69e3c7b41e7bec330d7452d6a7?s=96&r=g\",\"caption\":\"BearlyN\"},\"sameAs\":[\"https:\/\/bearly-n.com\/\",\"https:\/\/www.facebook.com\/B.bearlyN\/\",\"https:\/\/www.instagram.com\/bearly_n\/\",\"https:\/\/www.linkedin.com\/company\/BearlyN\",\"https:\/\/www.pinterest.fr\/Bearlynterest\/\",\"https:\/\/x.com\/bearly_n\"]}]}<\/script>\n<!-- \/ Yoast SEO plugin. -->","yoast_head_json":{"title":"Salon International des M\u00e9tiers d'Art-Lens - BearlyN","description":"Venez d\u00e9couvrir le Salon International des M\u00e9tiers d'Art de lens, les 3, 4 et 5 novembre 2017 et rencontrer la cr\u00e9atrice de bijoux brod\u00e9s BearlyN.","robots":{"index":"index","follow":"follow","max-snippet":"max-snippet:-1","max-image-preview":"max-image-preview:large","max-video-preview":"max-video-preview:-1"},"canonical":"https:\/\/bearly-n.com\/en\/salon-international-des-metiers-dart-lens\/","og_locale":"en_US","og_type":"article","og_title":"Salon International des M\u00e9tiers d'Art-Lens - BearlyN","og_description":"Venez d\u00e9couvrir le Salon International des M\u00e9tiers d'Art de lens, les 3, 4 et 5 novembre 2017 et rencontrer la cr\u00e9atrice de bijoux brod\u00e9s BearlyN.","og_url":"https:\/\/bearly-n.com\/en\/salon-international-des-metiers-dart-lens\/","og_site_name":"BearlyN","article_publisher":"https:\/\/www.facebook.com\/Bearly-N-881942331934180\/","article_author":"https:\/\/www.facebook.com\/B.bearlyN\/","article_published_time":"2017-10-26T09:47:02+00:00","article_modified_time":"2020-10-16T13:51:27+00:00","og_image":[{"width":226,"height":275,"url":"https:\/\/i2.wp.com\/bearly-n.com\/wp-content\/uploads\/2017\/10\/Affiche-Salon-International-des-M\u00e9tiers-Dart-Lens.jpg?fit=226%2C275&ssl=1","type":"image\/jpeg"}],"author":"BearlyN","twitter_card":"summary_large_image","twitter_creator":"@bearly_n","twitter_misc":{"Written by":"BearlyN","Est. reading time":"1 minute"},"schema":{"@context":"https:\/\/schema.org","@graph":[{"@type":"Article","@id":"https:\/\/bearly-n.com\/en\/salon-international-des-metiers-dart-lens\/#article","isPartOf":{"@id":"https:\/\/bearly-n.com\/en\/salon-international-des-metiers-dart-lens\/"},"author":{"name":"BearlyN","@id":"https:\/\/bearly-n.com\/#\/schema\/person\/0228da82ca198008f3bc41bb9d9983fb"},"headline":"Salon International des M\u00e9tiers d&rsquo;Art-Lens","datePublished":"2017-10-26T09:47:02+00:00","dateModified":"2020-10-16T13:51:27+00:00","mainEntityOfPage":{"@id":"https:\/\/bearly-n.com\/en\/salon-international-des-metiers-dart-lens\/"},"wordCount":285,"commentCount":3,"publisher":{"@id":"https:\/\/bearly-n.com\/#organization"},"image":{"@id":"https:\/\/bearly-n.com\/en\/salon-international-des-metiers-dart-lens\/#primaryimage"},"thumbnailUrl":"https:\/\/i0.wp.com\/bearly-n.com\/wp-content\/uploads\/2017\/10\/Affiche-Salon-International-des-M%C3%A9tiers-Dart-Lens.jpg?fit=226%2C275&ssl=1","keywords":["exposition","m\u00e9tiers d'art","salon"],"articleSection":["Salons et Expositions"],"inLanguage":"en-US","potentialAction":[{"@type":"CommentAction","name":"Comment","target":["https:\/\/bearly-n.com\/en\/salon-international-des-metiers-dart-lens\/#respond"]}]},{"@type":"WebPage","@id":"https:\/\/bearly-n.com\/en\/salon-international-des-metiers-dart-lens\/","url":"https:\/\/bearly-n.com\/en\/salon-international-des-metiers-dart-lens\/","name":"Salon International des M\u00e9tiers d'Art-Lens - BearlyN","isPartOf":{"@id":"https:\/\/bearly-n.com\/#website"},"primaryImageOfPage":{"@id":"https:\/\/bearly-n.com\/en\/salon-international-des-metiers-dart-lens\/#primaryimage"},"image":{"@id":"https:\/\/bearly-n.com\/en\/salon-international-des-metiers-dart-lens\/#primaryimage"},"thumbnailUrl":"https:\/\/i0.wp.com\/bearly-n.com\/wp-content\/uploads\/2017\/10\/Affiche-Salon-International-des-M%C3%A9tiers-Dart-Lens.jpg?fit=226%2C275&ssl=1","datePublished":"2017-10-26T09:47:02+00:00","dateModified":"2020-10-16T13:51:27+00:00","description":"Venez d\u00e9couvrir le Salon International des M\u00e9tiers d'Art de lens, les 3, 4 et 5 novembre 2017 et rencontrer la cr\u00e9atrice de bijoux brod\u00e9s BearlyN.","breadcrumb":{"@id":"https:\/\/bearly-n.com\/en\/salon-international-des-metiers-dart-lens\/#breadcrumb"},"inLanguage":"en-US","potentialAction":[{"@type":"ReadAction","target":["https:\/\/bearly-n.com\/en\/salon-international-des-metiers-dart-lens\/"]}]},{"@type":"ImageObject","inLanguage":"en-US","@id":"https:\/\/bearly-n.com\/en\/salon-international-des-metiers-dart-lens\/#primaryimage","url":"https:\/\/i0.wp.com\/bearly-n.com\/wp-content\/uploads\/2017\/10\/Affiche-Salon-International-des-M%C3%A9tiers-Dart-Lens.jpg?fit=226%2C275&ssl=1","contentUrl":"https:\/\/i0.wp.com\/bearly-n.com\/wp-content\/uploads\/2017\/10\/Affiche-Salon-International-des-M%C3%A9tiers-Dart-Lens.jpg?fit=226%2C275&ssl=1","width":226,"height":275,"caption":"Affiche Salon International des M\u00e9tiers D'art-Lens"},{"@type":"BreadcrumbList","@id":"https:\/\/bearly-n.com\/en\/salon-international-des-metiers-dart-lens\/#breadcrumb","itemListElement":[{"@type":"ListItem","position":1,"name":"Accueil","item":"https:\/\/bearly-n.com\/"},{"@type":"ListItem","position":2,"name":"Salons et Expositions","item":"https:\/\/bearly-n.com\/en\/cat\/salons-et-expositions\/"},{"@type":"ListItem","position":3,"name":"Salon International des M\u00e9tiers d&#8217;Art-Lens"}]},{"@type":"WebSite","@id":"https:\/\/bearly-n.com\/#website","url":"https:\/\/bearly-n.com\/","name":"BearlyN, bijoux de caract\u00e8re","description":"Bijoux de Caract\u00e8re","publisher":{"@id":"https:\/\/bearly-n.com\/#organization"},"potentialAction":[{"@type":"SearchAction","target":{"@type":"EntryPoint","urlTemplate":"https:\/\/bearly-n.com\/?s={search_term_string}"},"query-input":{"@type":"PropertyValueSpecification","valueRequired":true,"valueName":"search_term_string"}}],"inLanguage":"en-US"},{"@type":"Organization","@id":"https:\/\/bearly-n.com\/#organization","name":"BearlyN","url":"https:\/\/bearly-n.com\/","logo":{"@type":"ImageObject","inLanguage":"en-US","@id":"https:\/\/bearly-n.com\/#\/schema\/logo\/image\/","url":"https:\/\/i1.wp.com\/bearly-n.com\/wp-content\/uploads\/2016\/12\/logo.jpg?fit=630%2C270&ssl=1","contentUrl":"https:\/\/i1.wp.com\/bearly-n.com\/wp-content\/uploads\/2016\/12\/logo.jpg?fit=630%2C270&ssl=1","width":630,"height":270,"caption":"BearlyN"},"image":{"@id":"https:\/\/bearly-n.com\/#\/schema\/logo\/image\/"},"sameAs":["https:\/\/www.facebook.com\/Bearly-N-881942331934180\/","http:\/\/bearlyn","https:\/\/www.linkedin.com\/company\/bearly-n\/","https:\/\/fr.pinterest.com\/Bearlynterest\/"]},{"@type":"Person","@id":"https:\/\/bearly-n.com\/#\/schema\/person\/0228da82ca198008f3bc41bb9d9983fb","name":"BearlyN","image":{"@type":"ImageObject","inLanguage":"en-US","@id":"https:\/\/bearly-n.com\/#\/schema\/person\/image\/","url":"https:\/\/secure.gravatar.com\/avatar\/67dba6e7019d5691b33e3c67c969906494a44d69e3c7b41e7bec330d7452d6a7?s=96&r=g","contentUrl":"https:\/\/secure.gravatar.com\/avatar\/67dba6e7019d5691b33e3c67c969906494a44d69e3c7b41e7bec330d7452d6a7?s=96&r=g","caption":"BearlyN"},"sameAs":["https:\/\/bearly-n.com\/","https:\/\/www.facebook.com\/B.bearlyN\/","https:\/\/www.instagram.com\/bearly_n\/","https:\/\/www.linkedin.com\/company\/BearlyN","https:\/\/www.pinterest.fr\/Bearlynterest\/","https:\/\/x.com\/bearly_n"]}]}},"jetpack_publicize_connections":[],"jetpack_featured_media_url":"https:\/\/i0.wp.com\/bearly-n.com\/wp-content\/uploads\/2017\/10\/Affiche-Salon-International-des-M%C3%A9tiers-Dart-Lens.jpg?fit=226%2C275&ssl=1","jetpack_sharing_enabled":true,"jetpack_shortlink":"https:\/\/wp.me\/p8oIQX-nm","jetpack_likes_enabled":true,"_links":{"self":[{"href":"https:\/\/bearly-n.com\/en\/wp-json\/wp\/v2\/posts\/1448","targetHints":{"allow":["GET"]}}],"collection":[{"href":"https:\/\/bearly-n.com\/en\/wp-json\/wp\/v2\/posts"}],"about":[{"href":"https:\/\/bearly-n.com\/en\/wp-json\/wp\/v2\/types\/post"}],"author":[{"embeddable":true,"href":"https:\/\/bearly-n.com\/en\/wp-json\/wp\/v2\/users\/1"}],"replies":[{"embeddable":true,"href":"https:\/\/bearly-n.com\/en\/wp-json\/wp\/v2\/comments?post=1448"}],"version-history":[{"count":2,"href":"https:\/\/bearly-n.com\/en\/wp-json\/wp\/v2\/posts\/1448\/revisions"}],"predecessor-version":[{"id":7843,"href":"https:\/\/bearly-n.com\/en\/wp-json\/wp\/v2\/posts\/1448\/revisions\/7843"}],"wp:featuredmedia":[{"embeddable":true,"href":"https:\/\/bearly-n.com\/en\/wp-json\/wp\/v2\/media\/1462"}],"wp:attachment":[{"href":"https:\/\/bearly-n.com\/en\/wp-json\/wp\/v2\/media?parent=1448"}],"wp:term":[{"taxonomy":"category","embeddable":true,"href":"https:\/\/bearly-n.com\/en\/wp-json\/wp\/v2\/categories?post=1448"},{"taxonomy":"post_tag","embeddable":true,"href":"https:\/\/bearly-n.com\/en\/wp-json\/wp\/v2\/tags?post=1448"}],"curies":[{"name":"wp","href":"https:\/\/api.w.org\/{rel}","templated":true}]}}